{"id":897,"date":"2016-03-06T21:40:44","date_gmt":"2016-03-06T20:40:44","guid":{"rendered":"https:\/\/grandsudest.git-france.org\/?p=897"},"modified":"2025-02-21T11:43:13","modified_gmt":"2025-02-21T10:43:13","slug":"journee-detude-et-de-formation-le-14-avril-2016-role-de-linfirmiere-de-sante-au-travail-dans-lapplication-dun-avis-daptitude-avec-restrictions","status":"publish","type":"post","link":"https:\/\/grandsudest.git-france.org\/?p=897","title":{"rendered":"Journ\u00e9e d&rsquo;\u00e9tude et de formation le 14 avril 2016 \u00ab\u00a0R\u00f4le de l&rsquo;infirmi\u00e8re de sant\u00e9 au travail dans l&rsquo;application d&rsquo;un avis d&rsquo;aptitude avec restrictions \u00ab\u00a0"},"content":{"rendered":"<p>Cette journ\u00e9e se d\u00e9roulera \u00e0 l&rsquo;UDIMEC, maison des entreprises, 23 rue de Condorcet, 38091 Villefontaine.<\/p>\n<p>Vous trouverez le programme et le bulletin d&rsquo;inscription en pi\u00e8ce jointe, ainsi que la convention de formation.<\/p>\n<p>Cette journ\u00e9e est ouverte \u00e0 tous les professionnels de sant\u00e9 au travail, n&rsquo;h\u00e9sitez pas \u00e0 partager et \u00e0 diffuser l&rsquo;information aux personnes int\u00e9ress\u00e9es.<\/p>\n<p>D&rsquo;autre part nous faisons appel \u00e0 une infirmi\u00e8re d&rsquo;entreprise qui pourrait nous pr\u00e9senter un cas concret qu&rsquo;elle a pu g\u00e9rer au sein de son entreprise avec les personnes en interne.<\/p>\n<p>Contact :&nbsp;<a href=\"mailto:contact@grandsudest.git-france.org\">contact@grandsudest.git-france.org<\/a><\/p>\n<p>Programme et&nbsp;<a href=\"https:\/\/grandsudest.git-france.org\/?attachment_id=902\" rel=\"attachment wp-att-902\">Convocation JER<\/a><\/p>\n<p><a href=\"https:\/\/grandsudest.git-france.org\/wp-content\/uploads\/2016\/03\/Convention-de-formation-JEF-Rh\u00f4ne-Alpes-avril-2016.pdf\">Convention de formation JEF Rh\u00f4ne-Alpes&nbsp;<\/a><\/p>\n<p>Au plaisir de vous retrouver<br \/>\nBonne journ\u00e9e<br \/>\nCatherine Chazette<\/p>\n","protected":false},"excerpt":{"rendered":"<p>Cette journ\u00e9e se d\u00e9roulera \u00e0 l&rsquo;UDIMEC, maison des entreprises, 23 rue de Condorcet, 38091 Villefontaine. Vous trouverez le programme et le bulletin d&rsquo;inscription en pi\u00e8ce jointe, ainsi que la convention de formation. Cette journ\u00e9e est ouverte \u00e0 tous les professionnels de sant\u00e9 au travail, n&rsquo;h\u00e9sitez pas \u00e0 partager et \u00e0 diffuser l&rsquo;information aux personnes int\u00e9ress\u00e9es. [&hellip;]<\/p>\n","protected":false},"author":2,"featured_media":0,"comment_status":"closed","ping_status":"closed","sticky":false,"template":"","format":"standard","meta":{"footnotes":""},"categories":[6],"tags":[],"class_list":["post-897","post","type-post","status-publish","format-standard","hentry","category-events"],"_links":{"self":[{"href":"https:\/\/grandsudest.git-france.org\/index.php?rest_route=\/wp\/v2\/posts\/897","targetHints":{"allow":["GET"]}}],"collection":[{"href":"https:\/\/grandsudest.git-france.org\/index.php?rest_route=\/wp\/v2\/posts"}],"about":[{"href":"https:\/\/grandsudest.git-france.org\/index.php?rest_route=\/wp\/v2\/types\/post"}],"author":[{"embeddable":true,"href":"https:\/\/grandsudest.git-france.org\/index.php?rest_route=\/wp\/v2\/users\/2"}],"replies":[{"embeddable":true,"href":"https:\/\/grandsudest.git-france.org\/index.php?rest_route=%2Fwp%2Fv2%2Fcomments&post=897"}],"version-history":[{"count":6,"href":"https:\/\/grandsudest.git-france.org\/index.php?rest_route=\/wp\/v2\/posts\/897\/revisions"}],"predecessor-version":[{"id":1186,"href":"https:\/\/grandsudest.git-france.org\/index.php?rest_route=\/wp\/v2\/posts\/897\/revisions\/1186"}],"wp:attachment":[{"href":"https:\/\/grandsudest.git-france.org\/index.php?rest_route=%2Fwp%2Fv2%2Fmedia&parent=897"}],"wp:term":[{"taxonomy":"category","embeddable":true,"href":"https:\/\/grandsudest.git-france.org\/index.php?rest_route=%2Fwp%2Fv2%2Fcategories&post=897"},{"taxonomy":"post_tag","embeddable":true,"href":"https:\/\/grandsudest.git-france.org\/index.php?rest_route=%2Fwp%2Fv2%2Ftags&post=897"}],"curies":[{"name":"wp","href":"https:\/\/api.w.org\/{rel}","templated":true}]}}