{"id":741,"date":"2012-05-22T23:50:28","date_gmt":"2012-05-22T21:50:28","guid":{"rendered":"https:\/\/grandsudest.git-france.org\/?p=741"},"modified":"2025-02-21T11:43:30","modified_gmt":"2025-02-21T10:43:30","slug":"journee-regionale-du-22-juin-2012","status":"publish","type":"post","link":"https:\/\/grandsudest.git-france.org\/?p=741","title":{"rendered":"Journ\u00e9e r\u00e9gionale du 22 juin 2012 \u00e0Villefontaine"},"content":{"rendered":"<p style=\"text-align: justify;\" align=\"center\">Son &nbsp;th\u00e8me :<\/p>\n<p style=\"text-align: justify;\" align=\"center\">Cadre r\u00e9glementaire de la profession d&rsquo;infirmi\u00e8re de sant\u00e9 au travail.&nbsp; Application du d\u00e9cret 01\/2012 sur l\u2019organisation de la m\u00e9decine du travail<strong> <\/strong><\/p>\n<p>le lieu : UDIMEC&nbsp; \u00e0&nbsp; Villefontaine (69)<\/p>\n<p>Horaire : 8h \u2212 17h<\/p>\n<p>La convocation et le programme :<a href=\"https:\/\/grandsudest.git-france.org\/wp-content\/uploads\/2012\/05\/convocation-JR-juin-201211.doc\" target=\"_blank\" rel=\"noopener\">c&rsquo;est ici<\/a><\/p>\n<p>La convention de formation continue :<a href=\"https:\/\/grandsudest.git-france.org\/wp-content\/uploads\/2012\/05\/Convention-de-formation-continue-jurn\u00e9e-du-22-juin.pdf\" target=\"_blank\" rel=\"noopener\"> Cliquez ici<\/a><\/p>\n","protected":false},"excerpt":{"rendered":"<p>Son &nbsp;th\u00e8me : Cadre r\u00e9glementaire de la profession d&rsquo;infirmi\u00e8re de sant\u00e9 au travail.&nbsp; Application du d\u00e9cret 01\/2012 sur l\u2019organisation de la m\u00e9decine du travail le lieu : UDIMEC&nbsp; \u00e0&nbsp; Villefontaine (69) Horaire : 8h \u2212 17h La convocation et le programme :c&rsquo;est ici La convention de formation continue : Cliquez ici<\/p>\n","protected":false},"author":101,"featured_media":0,"comment_status":"closed","ping_status":"closed","sticky":false,"template":"","format":"standard","meta":{"footnotes":""},"categories":[6,31],"tags":[],"class_list":["post-741","post","type-post","status-publish","format-standard","hentry","category-events","category-git"],"_links":{"self":[{"href":"https:\/\/grandsudest.git-france.org\/index.php?rest_route=\/wp\/v2\/posts\/741","targetHints":{"allow":["GET"]}}],"collection":[{"href":"https:\/\/grandsudest.git-france.org\/index.php?rest_route=\/wp\/v2\/posts"}],"about":[{"href":"https:\/\/grandsudest.git-france.org\/index.php?rest_route=\/wp\/v2\/types\/post"}],"author":[{"embeddable":true,"href":"https:\/\/grandsudest.git-france.org\/index.php?rest_route=\/wp\/v2\/users\/101"}],"replies":[{"embeddable":true,"href":"https:\/\/grandsudest.git-france.org\/index.php?rest_route=%2Fwp%2Fv2%2Fcomments&post=741"}],"version-history":[{"count":4,"href":"https:\/\/grandsudest.git-france.org\/index.php?rest_route=\/wp\/v2\/posts\/741\/revisions"}],"predecessor-version":[{"id":1220,"href":"https:\/\/grandsudest.git-france.org\/index.php?rest_route=\/wp\/v2\/posts\/741\/revisions\/1220"}],"wp:attachment":[{"href":"https:\/\/grandsudest.git-france.org\/index.php?rest_route=%2Fwp%2Fv2%2Fmedia&parent=741"}],"wp:term":[{"taxonomy":"category","embeddable":true,"href":"https:\/\/grandsudest.git-france.org\/index.php?rest_route=%2Fwp%2Fv2%2Fcategories&post=741"},{"taxonomy":"post_tag","embeddable":true,"href":"https:\/\/grandsudest.git-france.org\/index.php?rest_route=%2Fwp%2Fv2%2Ftags&post=741"}],"curies":[{"name":"wp","href":"https:\/\/api.w.org\/{rel}","templated":true}]}}