{"id":648,"date":"2011-12-04T19:21:18","date_gmt":"2011-12-04T18:21:18","guid":{"rendered":"https:\/\/grandsudest.git-france.org\/?p=648"},"modified":"2025-02-21T11:43:30","modified_gmt":"2025-02-21T10:43:30","slug":"conference-debat-sur-la-souffrance-au-travail-le-vendredi-9-decembre-a-17h30","status":"publish","type":"post","link":"https:\/\/grandsudest.git-france.org\/?p=648","title":{"rendered":"Conf\u00e9rence d\u00e9bat sur la souffrance au travail le vendredi 9 d\u00e9cembre"},"content":{"rendered":"<p style=\"text-align: justify;\">Cette conf\u00e9rence est organis\u00e9e par la ligue des droits de l&rsquo;Homme. Elle a pour th\u00e8me :<\/p>\n<p style=\"text-align: center;\">\u00ab\u00a0La souffrance au travail &#8211; Le poids du secret\u00a0\u00bb<\/p>\n<p style=\"text-align: justify;\">Lieu : M\u00e9diath\u00e8que Philippe Vial\u00a0 38500 Voiron<\/p>\n<p style=\"text-align: justify;\">Conf\u00e9renciers :<\/p>\n<ul>\n<li>\n<div style=\"text-align: justify;\">Dr Brigitte Font Le Bret m\u00e9decin psychiatre<\/div>\n<\/li>\n<li>\n<div style=\"text-align: justify;\">Pierre Meriaux Inspecteur du travail<\/div>\n<\/li>\n<\/ul>\n","protected":false},"excerpt":{"rendered":"<p>Cette conf\u00e9rence est organis\u00e9e par la ligue des droits de l&rsquo;Homme. Elle a pour th\u00e8me : \u00ab\u00a0La souffrance au travail &#8211; Le poids du secret\u00a0\u00bb Lieu : M\u00e9diath\u00e8que Philippe Vial\u00a0 38500 Voiron Conf\u00e9renciers : Dr Brigitte Font Le Bret m\u00e9decin psychiatre Pierre Meriaux Inspecteur du travail<\/p>\n","protected":false},"author":101,"featured_media":0,"comment_status":"closed","ping_status":"closed","sticky":false,"template":"","format":"standard","meta":{"footnotes":""},"categories":[6],"tags":[47],"class_list":["post-648","post","type-post","status-publish","format-standard","hentry","category-events","tag-rps"],"_links":{"self":[{"href":"https:\/\/grandsudest.git-france.org\/index.php?rest_route=\/wp\/v2\/posts\/648","targetHints":{"allow":["GET"]}}],"collection":[{"href":"https:\/\/grandsudest.git-france.org\/index.php?rest_route=\/wp\/v2\/posts"}],"about":[{"href":"https:\/\/grandsudest.git-france.org\/index.php?rest_route=\/wp\/v2\/types\/post"}],"author":[{"embeddable":true,"href":"https:\/\/grandsudest.git-france.org\/index.php?rest_route=\/wp\/v2\/users\/101"}],"replies":[{"embeddable":true,"href":"https:\/\/grandsudest.git-france.org\/index.php?rest_route=%2Fwp%2Fv2%2Fcomments&post=648"}],"version-history":[{"count":4,"href":"https:\/\/grandsudest.git-france.org\/index.php?rest_route=\/wp\/v2\/posts\/648\/revisions"}],"predecessor-version":[{"id":1231,"href":"https:\/\/grandsudest.git-france.org\/index.php?rest_route=\/wp\/v2\/posts\/648\/revisions\/1231"}],"wp:attachment":[{"href":"https:\/\/grandsudest.git-france.org\/index.php?rest_route=%2Fwp%2Fv2%2Fmedia&parent=648"}],"wp:term":[{"taxonomy":"category","embeddable":true,"href":"https:\/\/grandsudest.git-france.org\/index.php?rest_route=%2Fwp%2Fv2%2Fcategories&post=648"},{"taxonomy":"post_tag","embeddable":true,"href":"https:\/\/grandsudest.git-france.org\/index.php?rest_route=%2Fwp%2Fv2%2Ftags&post=648"}],"curies":[{"name":"wp","href":"https:\/\/api.w.org\/{rel}","templated":true}]}}