{"id":611,"date":"2011-09-02T11:27:07","date_gmt":"2011-09-02T09:27:07","guid":{"rendered":"https:\/\/grandsudest.git-france.org\/?p=611"},"modified":"2025-02-21T11:43:30","modified_gmt":"2025-02-21T10:43:30","slug":"compte-rendu-de-la-journee-regionale-sur-le-sommeil-travail-poste","status":"publish","type":"post","link":"https:\/\/grandsudest.git-france.org\/?p=611","title":{"rendered":"Compte rendu de la journ\u00e9e r\u00e9gionale sur le sommeil &#038; travail post\u00e9"},"content":{"rendered":"<p style=\"text-align: justify;\">Cette journ\u00e9e qui s&rsquo;est d\u00e9roul\u00e9e \u00e0 Meytet \u00e9tait organis\u00e9e par 2 adh\u00e9rentes Doroth\u00e9 et Florence. Nous les remercions pour leur implication.<\/p>\n<p style=\"text-align: justify;\">Cette formation s&rsquo;est d\u00e9roul\u00e9e en 4 phases :<\/p>\n<ul>\n<li>\n<div style=\"text-align: justify;\">Le sommeil et le travail post\u00e9<\/div>\n<\/li>\n<li>\n<div style=\"text-align: justify;\">Les plantes de l&rsquo;insomnie, des troubles du sommeil<\/div>\n<\/li>\n<li>\n<div style=\"text-align: justify;\">Intervention du Dr De la Giclais sur la physiologie du sommeil<\/div>\n<\/li>\n<li>\n<div style=\"text-align: justify;\">L&rsquo;entretien infirmier avec l&rsquo;exemple d&rsquo;une de nos coll\u00e8gues<\/div>\n<\/li>\n<\/ul>\n<p>Le compte rendu de toutes ces interventions est accessible en &nbsp;<a title=\"Compte rendu\" href=\"https:\/\/grandsudest.git-france.org\/wp-content\/uploads\/2011\/09\/Microsoft-Word-Journ\u00e9e-r\u00e9gionale-du-GIT-Rh\u00f4ne-Alpes-9-juin-2011-.pdf\" target=\"_blank\" rel=\"noopener\">cliquant ici<\/a><\/p>\n<p style=\"text-align: justify;\">\n","protected":false},"excerpt":{"rendered":"<p>Cette journ\u00e9e qui s&rsquo;est d\u00e9roul\u00e9e \u00e0 Meytet \u00e9tait organis\u00e9e par 2 adh\u00e9rentes Doroth\u00e9 et Florence. Nous les remercions pour leur implication. Cette formation s&rsquo;est d\u00e9roul\u00e9e en 4 phases : Le sommeil et le travail post\u00e9 Les plantes de l&rsquo;insomnie, des troubles du sommeil Intervention du Dr De la Giclais sur la physiologie du sommeil L&rsquo;entretien [&hellip;]<\/p>\n","protected":false},"author":101,"featured_media":0,"comment_status":"closed","ping_status":"closed","sticky":false,"template":"","format":"standard","meta":{"footnotes":""},"categories":[12],"tags":[43],"class_list":["post-611","post","type-post","status-publish","format-standard","hentry","category-formations","tag-sommeil"],"_links":{"self":[{"href":"https:\/\/grandsudest.git-france.org\/index.php?rest_route=\/wp\/v2\/posts\/611","targetHints":{"allow":["GET"]}}],"collection":[{"href":"https:\/\/grandsudest.git-france.org\/index.php?rest_route=\/wp\/v2\/posts"}],"about":[{"href":"https:\/\/grandsudest.git-france.org\/index.php?rest_route=\/wp\/v2\/types\/post"}],"author":[{"embeddable":true,"href":"https:\/\/grandsudest.git-france.org\/index.php?rest_route=\/wp\/v2\/users\/101"}],"replies":[{"embeddable":true,"href":"https:\/\/grandsudest.git-france.org\/index.php?rest_route=%2Fwp%2Fv2%2Fcomments&post=611"}],"version-history":[{"count":7,"href":"https:\/\/grandsudest.git-france.org\/index.php?rest_route=\/wp\/v2\/posts\/611\/revisions"}],"predecessor-version":[{"id":1232,"href":"https:\/\/grandsudest.git-france.org\/index.php?rest_route=\/wp\/v2\/posts\/611\/revisions\/1232"}],"wp:attachment":[{"href":"https:\/\/grandsudest.git-france.org\/index.php?rest_route=%2Fwp%2Fv2%2Fmedia&parent=611"}],"wp:term":[{"taxonomy":"category","embeddable":true,"href":"https:\/\/grandsudest.git-france.org\/index.php?rest_route=%2Fwp%2Fv2%2Fcategories&post=611"},{"taxonomy":"post_tag","embeddable":true,"href":"https:\/\/grandsudest.git-france.org\/index.php?rest_route=%2Fwp%2Fv2%2Ftags&post=611"}],"curies":[{"name":"wp","href":"https:\/\/api.w.org\/{rel}","templated":true}]}}