{"id":472,"date":"2010-11-12T16:32:32","date_gmt":"2010-11-12T15:32:32","guid":{"rendered":"https:\/\/grandsudest.git-france.org\/?p=472"},"modified":"2025-02-21T11:43:30","modified_gmt":"2025-02-21T10:43:30","slug":"journee-de-formation-sur-les-cancers-professionnels","status":"publish","type":"post","link":"https:\/\/grandsudest.git-france.org\/?p=472","title":{"rendered":"Journ\u00e9e de formation sur les cancers professionnels"},"content":{"rendered":"<p style=\"text-align: justify;\">La Soci\u00e9t\u00e9 de M\u00e9decine et de Sant\u00e9 au Travail de Lyon&nbsp;(S.M.S.T.L) propose une journ\u00e9e de formation sur les cancers professionnels.<\/p>\n<p style=\"text-align: center;\"><strong>Le vendredi 3 d\u00e9cembre 2010<\/strong><\/p>\n<p style=\"text-align: center;\">\u00e0 Fort Saint Jean<\/p>\n<p style=\"text-align: center;\">21 mont\u00e9e de la butte<\/p>\n<p style=\"text-align: center;\">69001 Lyon<\/p>\n<p style=\"text-align: justify;\">Pour acc\u00e9der au programme et au bulletin d&rsquo;inscription&nbsp; : <a href=\"http:\/\/focalserv.univ-lyon1.fr\/fiche_formation.php?REF=766\" target=\"_blank\" rel=\"noopener\">Cliquez ici<\/a><\/p>\n","protected":false},"excerpt":{"rendered":"<p>La Soci\u00e9t\u00e9 de M\u00e9decine et de Sant\u00e9 au Travail de Lyon&nbsp;(S.M.S.T.L) propose une journ\u00e9e de formation sur les cancers professionnels. Le vendredi 3 d\u00e9cembre 2010 \u00e0 Fort Saint Jean 21 mont\u00e9e de la butte 69001 Lyon Pour acc\u00e9der au programme et au bulletin d&rsquo;inscription&nbsp; : Cliquez ici<\/p>\n","protected":false},"author":101,"featured_media":0,"comment_status":"closed","ping_status":"closed","sticky":false,"template":"","format":"standard","meta":{"footnotes":""},"categories":[12],"tags":[48],"class_list":["post-472","post","type-post","status-publish","format-standard","hentry","category-formations","tag-cancer"],"_links":{"self":[{"href":"https:\/\/grandsudest.git-france.org\/index.php?rest_route=\/wp\/v2\/posts\/472","targetHints":{"allow":["GET"]}}],"collection":[{"href":"https:\/\/grandsudest.git-france.org\/index.php?rest_route=\/wp\/v2\/posts"}],"about":[{"href":"https:\/\/grandsudest.git-france.org\/index.php?rest_route=\/wp\/v2\/types\/post"}],"author":[{"embeddable":true,"href":"https:\/\/grandsudest.git-france.org\/index.php?rest_route=\/wp\/v2\/users\/101"}],"replies":[{"embeddable":true,"href":"https:\/\/grandsudest.git-france.org\/index.php?rest_route=%2Fwp%2Fv2%2Fcomments&post=472"}],"version-history":[{"count":5,"href":"https:\/\/grandsudest.git-france.org\/index.php?rest_route=\/wp\/v2\/posts\/472\/revisions"}],"predecessor-version":[{"id":1252,"href":"https:\/\/grandsudest.git-france.org\/index.php?rest_route=\/wp\/v2\/posts\/472\/revisions\/1252"}],"wp:attachment":[{"href":"https:\/\/grandsudest.git-france.org\/index.php?rest_route=%2Fwp%2Fv2%2Fmedia&parent=472"}],"wp:term":[{"taxonomy":"category","embeddable":true,"href":"https:\/\/grandsudest.git-france.org\/index.php?rest_route=%2Fwp%2Fv2%2Fcategories&post=472"},{"taxonomy":"post_tag","embeddable":true,"href":"https:\/\/grandsudest.git-france.org\/index.php?rest_route=%2Fwp%2Fv2%2Ftags&post=472"}],"curies":[{"name":"wp","href":"https:\/\/api.w.org\/{rel}","templated":true}]}}