{"id":253,"date":"2009-04-14T10:40:35","date_gmt":"2009-04-14T09:40:35","guid":{"rendered":"https:\/\/grandsudest.git-france.org\/?p=253"},"modified":"2025-02-21T11:43:48","modified_gmt":"2025-02-21T10:43:48","slug":"semaine-europeenne-de-la-vaccination","status":"publish","type":"post","link":"https:\/\/grandsudest.git-france.org\/?p=253","title":{"rendered":"Semaine Europ\u00e9enne de la vaccination"},"content":{"rendered":"<p style=\"text-align: justify;\">A l&rsquo;occasion de la semaine Europ\u00e9enne de la vaccination la r\u00e9gion Rh\u00f4ne-Alpes organise <strong>5 conf\u00e9rences &#8211; d\u00e9bats du 21 avril au 6 mai 2009<\/strong>.<\/p>\n<p style=\"text-align: justify;\">Elles ont lieu \u00e0 Grenoble, Saint Marcellin, L&rsquo;Isle d&rsquo;Abeau, Lyon, Chamb\u00e9ry.<\/p>\n<p style=\"text-align: justify;\">Pour tout savoir sur les th\u00e8mes abord\u00e9s et vous inscrire <a title=\"Plaquette d'information et d'invitation\" href=\"https:\/\/grandsudest.git-france.org\/wp-content\/uploads\/2009\/04\/plaquette-conferences-vacci-rhone-alpes.pdf\" target=\"_blank\" rel=\"noopener\">cliquez ici<\/a><\/p>\n","protected":false},"excerpt":{"rendered":"<p>A l&rsquo;occasion de la semaine Europ\u00e9enne de la vaccination la r\u00e9gion Rh\u00f4ne-Alpes organise 5 conf\u00e9rences &#8211; d\u00e9bats du 21 avril au 6 mai 2009. Elles ont lieu \u00e0 Grenoble, Saint Marcellin, L&rsquo;Isle d&rsquo;Abeau, Lyon, Chamb\u00e9ry. Pour tout savoir sur les th\u00e8mes abord\u00e9s et vous inscrire cliquez ici<\/p>\n","protected":false},"author":101,"featured_media":0,"comment_status":"closed","ping_status":"closed","sticky":false,"template":"","format":"standard","meta":{"footnotes":""},"categories":[6],"tags":[52],"class_list":["post-253","post","type-post","status-publish","format-standard","hentry","category-events","tag-vaccination"],"_links":{"self":[{"href":"https:\/\/grandsudest.git-france.org\/index.php?rest_route=\/wp\/v2\/posts\/253","targetHints":{"allow":["GET"]}}],"collection":[{"href":"https:\/\/grandsudest.git-france.org\/index.php?rest_route=\/wp\/v2\/posts"}],"about":[{"href":"https:\/\/grandsudest.git-france.org\/index.php?rest_route=\/wp\/v2\/types\/post"}],"author":[{"embeddable":true,"href":"https:\/\/grandsudest.git-france.org\/index.php?rest_route=\/wp\/v2\/users\/101"}],"replies":[{"embeddable":true,"href":"https:\/\/grandsudest.git-france.org\/index.php?rest_route=%2Fwp%2Fv2%2Fcomments&post=253"}],"version-history":[{"count":13,"href":"https:\/\/grandsudest.git-france.org\/index.php?rest_route=\/wp\/v2\/posts\/253\/revisions"}],"predecessor-version":[{"id":1275,"href":"https:\/\/grandsudest.git-france.org\/index.php?rest_route=\/wp\/v2\/posts\/253\/revisions\/1275"}],"wp:attachment":[{"href":"https:\/\/grandsudest.git-france.org\/index.php?rest_route=%2Fwp%2Fv2%2Fmedia&parent=253"}],"wp:term":[{"taxonomy":"category","embeddable":true,"href":"https:\/\/grandsudest.git-france.org\/index.php?rest_route=%2Fwp%2Fv2%2Fcategories&post=253"},{"taxonomy":"post_tag","embeddable":true,"href":"https:\/\/grandsudest.git-france.org\/index.php?rest_route=%2Fwp%2Fv2%2Ftags&post=253"}],"curies":[{"name":"wp","href":"https:\/\/api.w.org\/{rel}","templated":true}]}}