{"id":1484,"date":"2022-09-12T16:02:39","date_gmt":"2022-09-12T14:02:39","guid":{"rendered":"https:\/\/grandsudest.git-france.org\/?p=1484"},"modified":"2025-02-21T11:42:45","modified_gmt":"2025-02-21T10:42:45","slug":"congres-salon-preventica-lyon","status":"publish","type":"post","link":"https:\/\/grandsudest.git-france.org\/?p=1484","title":{"rendered":"Congr\u00e8s \/ Salon PREVENTICA Lyon"},"content":{"rendered":"\n<p>La 8<sup>ieme<\/sup> \u00e9dition du <strong>congr\u00e8s\/salon PREVENTICA <\/strong>se tiendra \u00e0 <strong>Lyon les 27, 28 et 29 Septembre 2022<\/strong> \u00e0 Eurexpo \/ Lyon.<\/p>\n\n\n\n<p><br>3 jours pour discuter de l&rsquo;<strong>am\u00e9lioration de la qualit\u00e9 de vie au travail<\/strong> (pr\u00e9vention des risques, protection de la sant\u00e9, management RH, bien-\u00eatre au travail, organisation du travail, RPS, TMS, am\u00e9nagement des postes, innovations EPI, hygi\u00e8ne et s\u00e9curit\u00e9 des lieux\u2026)<\/p>\n\n\n\n<p>De nombreuses personnalit\u00e9s seront pr\u00e9sentes dont <strong>Marie Pez\u00e9,<\/strong> docteur en psychologie et responsable du r\u00e9seau Souffrance et Travail. Elle proposera des conf\u00e9rences sur les th\u00e8mes du burn-out, la m\u00e9diation et l&rsquo;hyperconnectivit\u00e9.<\/p>\n\n\n\n<p><\/p>\n\n\n\n<p><\/p>\n\n\n\n<p><\/p>\n\n\n\n<p><br>Pour en savoir plus et vous inscrire <a rel=\"noreferrer noopener\" href=\"https:\/\/www.preventica.com\/congres-salon-preventica-lyon-2022.php\" data-type=\"URL\" data-id=\"https:\/\/www.preventica.com\/congres-salon-preventica-lyon-2022.php\" target=\"_blank\">cliquez ici<\/a> <\/p>\n\n\n\n<p><\/p>\n\n\n\n<p><\/p>\n","protected":false},"excerpt":{"rendered":"<p>La 8ieme \u00e9dition du congr\u00e8s\/salon PREVENTICA se tiendra \u00e0 Lyon les 27, 28 et 29 Septembre 2022 \u00e0 Eurexpo \/ Lyon. 3 jours pour discuter de l&rsquo;am\u00e9lioration de la qualit\u00e9 de vie au travail (pr\u00e9vention des risques, protection de la sant\u00e9, management RH, bien-\u00eatre au travail, organisation du travail, RPS, TMS, am\u00e9nagement des postes, innovations [&hellip;]<\/p>\n","protected":false},"author":140,"featured_media":1513,"comment_status":"closed","ping_status":"closed","sticky":false,"template":"","format":"standard","meta":{"footnotes":""},"categories":[30,6,24],"tags":[87,26,86],"class_list":["post-1484","post","type-post","status-publish","format-standard","has-post-thumbnail","hentry","category-actualite","category-events","category-region","tag-preventica","tag-rhone-alpes","tag-salon"],"_links":{"self":[{"href":"https:\/\/grandsudest.git-france.org\/index.php?rest_route=\/wp\/v2\/posts\/1484","targetHints":{"allow":["GET"]}}],"collection":[{"href":"https:\/\/grandsudest.git-france.org\/index.php?rest_route=\/wp\/v2\/posts"}],"about":[{"href":"https:\/\/grandsudest.git-france.org\/index.php?rest_route=\/wp\/v2\/types\/post"}],"author":[{"embeddable":true,"href":"https:\/\/grandsudest.git-france.org\/index.php?rest_route=\/wp\/v2\/users\/140"}],"replies":[{"embeddable":true,"href":"https:\/\/grandsudest.git-france.org\/index.php?rest_route=%2Fwp%2Fv2%2Fcomments&post=1484"}],"version-history":[{"count":9,"href":"https:\/\/grandsudest.git-france.org\/index.php?rest_route=\/wp\/v2\/posts\/1484\/revisions"}],"predecessor-version":[{"id":1512,"href":"https:\/\/grandsudest.git-france.org\/index.php?rest_route=\/wp\/v2\/posts\/1484\/revisions\/1512"}],"wp:featuredmedia":[{"embeddable":true,"href":"https:\/\/grandsudest.git-france.org\/index.php?rest_route=\/wp\/v2\/media\/1513"}],"wp:attachment":[{"href":"https:\/\/grandsudest.git-france.org\/index.php?rest_route=%2Fwp%2Fv2%2Fmedia&parent=1484"}],"wp:term":[{"taxonomy":"category","embeddable":true,"href":"https:\/\/grandsudest.git-france.org\/index.php?rest_route=%2Fwp%2Fv2%2Fcategories&post=1484"},{"taxonomy":"post_tag","embeddable":true,"href":"https:\/\/grandsudest.git-france.org\/index.php?rest_route=%2Fwp%2Fv2%2Ftags&post=1484"}],"curies":[{"name":"wp","href":"https:\/\/api.w.org\/{rel}","templated":true}]}}