{"id":1363,"date":"2021-07-02T13:18:10","date_gmt":"2021-07-02T11:18:10","guid":{"rendered":"https:\/\/grandsudest.git-france.org\/?p=1363"},"modified":"2025-02-21T11:42:58","modified_gmt":"2025-02-21T10:42:58","slug":"les-jef-2022-a-nantes","status":"publish","type":"post","link":"https:\/\/grandsudest.git-france.org\/?p=1363","title":{"rendered":"Les JEF 2022 \u00e0 Nantes"},"content":{"rendered":"\n<p>Les prochaines Journ\u00e9es d&rsquo;Etudes et de Formation organis\u00e9 par le GIT auront lieu du mercredi 8 au vendredi 10 juin au Work&rsquo;in Salorges \u00e0 Nantes.<\/p>\n\n\n\n<p>Le th\u00e8me de ces journ\u00e9es : <br><strong>Infirmiers de sant\u00e9 au travail : de la sant\u00e9 pr\u00e9ventive \u00e0 la  reconnaissance de praticiens en sant\u00e9 au travail.<\/strong><\/p>\n\n\n\n<p>Vous pourrez vous inscrire d\u00e8s la rentr\u00e9e de septembre.<\/p>\n\n\n\n<p>Vous pourrez trouver toutes les informations sur <a rel=\"noreferrer noopener\" href=\"http:\/\/jef.git-france.org\" data-type=\"URL\" data-id=\"jef.git-france.org\" target=\"_blank\"><strong>le site des JEF<\/strong><\/a><\/p>\n\n\n\n<figure class=\"wp-block-gallery columns-2 is-cropped wp-block-gallery-1 is-layout-flex wp-block-gallery-is-layout-flex\"><ul class=\"blocks-gallery-grid\"><li class=\"blocks-gallery-item\"><figure><a href=\"https:\/\/grandsudest.git-france.org\/wp-content\/uploads\/2021\/07\/Flyer-JEF-2021-1.jpg\"><img loading=\"lazy\" decoding=\"async\" width=\"582\" height=\"827\" src=\"https:\/\/grandsudest.git-france.org\/wp-content\/uploads\/2021\/07\/Flyer-JEF-2021-1.jpg\" alt=\"\" data-id=\"1364\" data-link=\"https:\/\/grandsudest.git-france.org\/?attachment_id=1364\" class=\"wp-image-1364\" srcset=\"https:\/\/grandsudest.git-france.org\/wp-content\/uploads\/2021\/07\/Flyer-JEF-2021-1.jpg 582w, https:\/\/grandsudest.git-france.org\/wp-content\/uploads\/2021\/07\/Flyer-JEF-2021-1-211x300.jpg 211w, https:\/\/grandsudest.git-france.org\/wp-content\/uploads\/2021\/07\/Flyer-JEF-2021-1-540x767.jpg 540w\" sizes=\"auto, (max-width: 582px) 100vw, 582px\" \/><\/a><\/figure><\/li><li class=\"blocks-gallery-item\"><figure><a href=\"https:\/\/grandsudest.git-france.org\/wp-content\/uploads\/2021\/07\/Flyer-JEF-2021-2.jpg\"><img loading=\"lazy\" decoding=\"async\" width=\"582\" height=\"827\" src=\"https:\/\/grandsudest.git-france.org\/wp-content\/uploads\/2021\/07\/Flyer-JEF-2021-2.jpg\" alt=\"\" data-id=\"1365\" data-full-url=\"https:\/\/grandsudest.git-france.org\/wp-content\/uploads\/2021\/07\/Flyer-JEF-2021-2.jpg\" data-link=\"https:\/\/grandsudest.git-france.org\/?attachment_id=1365\" class=\"wp-image-1365\" srcset=\"https:\/\/grandsudest.git-france.org\/wp-content\/uploads\/2021\/07\/Flyer-JEF-2021-2.jpg 582w, https:\/\/grandsudest.git-france.org\/wp-content\/uploads\/2021\/07\/Flyer-JEF-2021-2-211x300.jpg 211w, https:\/\/grandsudest.git-france.org\/wp-content\/uploads\/2021\/07\/Flyer-JEF-2021-2-540x767.jpg 540w\" sizes=\"auto, (max-width: 582px) 100vw, 582px\" \/><\/a><\/figure><\/li><\/ul><\/figure>\n","protected":false},"excerpt":{"rendered":"<p>Les prochaines Journ\u00e9es d&rsquo;Etudes et de Formation organis\u00e9 par le GIT auront lieu du mercredi 8 au vendredi 10 juin au Work&rsquo;in Salorges \u00e0 Nantes. Le th\u00e8me de ces journ\u00e9es : Infirmiers de sant\u00e9 au travail : de la sant\u00e9 pr\u00e9ventive \u00e0 la reconnaissance de praticiens en sant\u00e9 au travail. Vous pourrez vous inscrire d\u00e8s [&hellip;]<\/p>\n","protected":false},"author":136,"featured_media":1367,"comment_status":"closed","ping_status":"closed","sticky":false,"template":"","format":"standard","meta":{"footnotes":""},"categories":[6,12,31],"tags":[66,67],"class_list":["post-1363","post","type-post","status-publish","format-standard","has-post-thumbnail","hentry","category-events","category-formations","category-git","tag-jef-2022","tag-nantes"],"_links":{"self":[{"href":"https:\/\/grandsudest.git-france.org\/index.php?rest_route=\/wp\/v2\/posts\/1363","targetHints":{"allow":["GET"]}}],"collection":[{"href":"https:\/\/grandsudest.git-france.org\/index.php?rest_route=\/wp\/v2\/posts"}],"about":[{"href":"https:\/\/grandsudest.git-france.org\/index.php?rest_route=\/wp\/v2\/types\/post"}],"author":[{"embeddable":true,"href":"https:\/\/grandsudest.git-france.org\/index.php?rest_route=\/wp\/v2\/users\/136"}],"replies":[{"embeddable":true,"href":"https:\/\/grandsudest.git-france.org\/index.php?rest_route=%2Fwp%2Fv2%2Fcomments&post=1363"}],"version-history":[{"count":1,"href":"https:\/\/grandsudest.git-france.org\/index.php?rest_route=\/wp\/v2\/posts\/1363\/revisions"}],"predecessor-version":[{"id":1366,"href":"https:\/\/grandsudest.git-france.org\/index.php?rest_route=\/wp\/v2\/posts\/1363\/revisions\/1366"}],"wp:featuredmedia":[{"embeddable":true,"href":"https:\/\/grandsudest.git-france.org\/index.php?rest_route=\/wp\/v2\/media\/1367"}],"wp:attachment":[{"href":"https:\/\/grandsudest.git-france.org\/index.php?rest_route=%2Fwp%2Fv2%2Fmedia&parent=1363"}],"wp:term":[{"taxonomy":"category","embeddable":true,"href":"https:\/\/grandsudest.git-france.org\/index.php?rest_route=%2Fwp%2Fv2%2Fcategories&post=1363"},{"taxonomy":"post_tag","embeddable":true,"href":"https:\/\/grandsudest.git-france.org\/index.php?rest_route=%2Fwp%2Fv2%2Ftags&post=1363"}],"curies":[{"name":"wp","href":"https:\/\/api.w.org\/{rel}","templated":true}]}}