{"id":1068,"date":"2020-10-09T20:04:36","date_gmt":"2020-10-09T18:04:36","guid":{"rendered":"https:\/\/grandsudest.git-france.org\/?p=1068"},"modified":"2025-02-21T11:42:58","modified_gmt":"2025-02-21T10:42:58","slug":"visioconference-decembre-2020","status":"publish","type":"post","link":"https:\/\/grandsudest.git-france.org\/?p=1068","title":{"rendered":"Visioconf\u00e9rence d\u00e9cembre 2020"},"content":{"rendered":"\n<p>Etant donn\u00e9 le contexte sanitaire actuel qui semble se prolonger, l\u2032\u00e9quipe du bureau du GIT Auvergne Rh\u00f4ne- Alpes vous a interrog\u00e9 sur vos attentes quant aux prochaines journ\u00e9e r\u00e9gionales.<br>Nous avions pr\u00e9vu en mars dernier une journ\u00e9e avec pour th\u00e8me les TMS qui malheureusement a d? ?tre ajourn\u00e9e et qui ne pourra pas se faire en pr\u00e9sentielle d\u2032ici la fin de l\u2032ann\u00e9e 2020.<br>Les propositions \u00e9taient les suivantes :<br>&#8211; Attendre 2021 pour pouvoir r\u00e9aliser cette journ\u00e9e sur les TMS en pr\u00e9sentiel (en esp\u00e9rant que la situation sanitaire \u00e9volue favorablement)<br>&#8211; Maintenir cette journ\u00e9e sur 2020 mais sous un autre format : en visioconf\u00e9rence sur une demi journ\u00e9e <br>&#8211; Organiser une demi journ\u00e9e de rencontre en visioconf\u00e9rence avec comme sujet ? rencontre, partage d\u2032exp\u00e9riences, analyse de pratique autour de la pand\u00e9mie du Covid ? avec la possibilit\u00e9 de la pr\u00e9sence d\u2032une psychologue du travail.<br>Votre choix s&rsquo;est port\u00e9 sur le report en 2021 de la journ\u00e9e sur les TMS en pr\u00e9sentiel et la visioconf\u00e9rence sur le partage d\u2032exp\u00e9riences autour de la pand\u00e9mie du Covid ? avec la possibilit\u00e9 de la pr\u00e9sence d\u2032une psycho du travail.<\/p>\n\n\n\n<p>Nous allons donc organiser une demi journ\u00e9e de rencontre en visioconf\u00e9rence autour de la pand\u00e9mie du Covid.<br>Cette journ\u00e9e pourra se d\u00e9rouler sur d\u00e9cembre, le temps de l&rsquo;organisation.<br><br>Afin d&rsquo;enrichir les \u00e9changes, les personnes d\u00e9sirant partager leur exp\u00e9rience, leurs craintes, leurs difficult\u00e9s &#8230;. sur cette p\u00e9riode particuli\u00e8re et singuli\u00e8re peuvent nous contacter \u00e0 cette adresse contact @ grandsudest.git-france.org<br>Merci de r\u00e9pondre avant le 26 octobre.<\/p>\n\n\n\n<p><\/p>\n","protected":false},"excerpt":{"rendered":"<p>Etant donn\u00e9 le contexte sanitaire actuel qui semble se prolonger, l\u2032\u00e9quipe du bureau du GIT Auvergne Rh\u00f4ne- Alpes vous a interrog\u00e9 sur vos attentes quant aux prochaines journ\u00e9e r\u00e9gionales.Nous avions pr\u00e9vu en mars dernier une journ\u00e9e avec pour th\u00e8me les TMS qui malheureusement a d? ?tre ajourn\u00e9e et qui ne pourra pas se faire en [&hellip;]<\/p>\n","protected":false},"author":129,"featured_media":1147,"comment_status":"closed","ping_status":"closed","sticky":false,"template":"","format":"standard","meta":{"footnotes":""},"categories":[6],"tags":[26,25],"class_list":["post-1068","post","type-post","status-publish","format-standard","has-post-thumbnail","hentry","category-events","tag-rhone-alpes","tag-webinaire"],"_links":{"self":[{"href":"https:\/\/grandsudest.git-france.org\/index.php?rest_route=\/wp\/v2\/posts\/1068","targetHints":{"allow":["GET"]}}],"collection":[{"href":"https:\/\/grandsudest.git-france.org\/index.php?rest_route=\/wp\/v2\/posts"}],"about":[{"href":"https:\/\/grandsudest.git-france.org\/index.php?rest_route=\/wp\/v2\/types\/post"}],"author":[{"embeddable":true,"href":"https:\/\/grandsudest.git-france.org\/index.php?rest_route=\/wp\/v2\/users\/129"}],"replies":[{"embeddable":true,"href":"https:\/\/grandsudest.git-france.org\/index.php?rest_route=%2Fwp%2Fv2%2Fcomments&post=1068"}],"version-history":[{"count":4,"href":"https:\/\/grandsudest.git-france.org\/index.php?rest_route=\/wp\/v2\/posts\/1068\/revisions"}],"predecessor-version":[{"id":1293,"href":"https:\/\/grandsudest.git-france.org\/index.php?rest_route=\/wp\/v2\/posts\/1068\/revisions\/1293"}],"wp:featuredmedia":[{"embeddable":true,"href":"https:\/\/grandsudest.git-france.org\/index.php?rest_route=\/wp\/v2\/media\/1147"}],"wp:attachment":[{"href":"https:\/\/grandsudest.git-france.org\/index.php?rest_route=%2Fwp%2Fv2%2Fmedia&parent=1068"}],"wp:term":[{"taxonomy":"category","embeddable":true,"href":"https:\/\/grandsudest.git-france.org\/index.php?rest_route=%2Fwp%2Fv2%2Fcategories&post=1068"},{"taxonomy":"post_tag","embeddable":true,"href":"https:\/\/grandsudest.git-france.org\/index.php?rest_route=%2Fwp%2Fv2%2Ftags&post=1068"}],"curies":[{"name":"wp","href":"https:\/\/api.w.org\/{rel}","templated":true}]}}